{"id":15459,"date":"2025-11-06T14:45:59","date_gmt":"2025-11-06T13:45:59","guid":{"rendered":"https:\/\/planetepaix.org\/evap\/?p=15459"},"modified":"2025-11-06T14:47:44","modified_gmt":"2025-11-06T13:47:44","slug":"neuf-docteurs-une-meme-vision-luniversite-felix-houphouet-boigny-erige-lexcellence-du-droit-prive-en-modele-de-rayonnement-academique","status":"publish","type":"post","link":"https:\/\/planetepaix.org\/evap\/neuf-docteurs-une-meme-vision-luniversite-felix-houphouet-boigny-erige-lexcellence-du-droit-prive-en-modele-de-rayonnement-academique\/","title":{"rendered":"Neuf Docteurs, une m\u00eame vision: l\u2019universit\u00e9 Felix Houphou\u00ebt-Boigny \u00e9rige l\u2019excellence du droit prive en model\u00e9 de rayonnement acad\u00e9mique"},"content":{"rendered":"\n<p class=\"wp-block-paragraph\"><strong><em>Sous la direction du Professeur Alla Koffi \u00c9tienne, sept nouvelles th\u00e8ses consacrent une g\u00e9n\u00e9ration de juristes ivoiriens porteurs d\u2019espoir, de rigueur et d\u2019humanisme.<\/em><\/strong><strong><\/strong><\/p>\n\n\n\n<p class=\"wp-block-paragraph\">Abidjan, 4 novembre 2025. \u2014 Trois jours durant, du 29 au 31 octobre 2025, la Facult\u00e9 de Droit priv\u00e9 de l\u2019Universit\u00e9 F\u00e9lix Houphou\u00ebt-Boigny a vibr\u00e9 au rythme de neuf soutenances de th\u00e8se d\u2019une intensit\u00e9 exceptionnelle. Neuf parcours, neuf histoires de pers\u00e9v\u00e9rance, neuf victoires acad\u00e9miques, dont sept plac\u00e9es sous la direction du Professeur Alla Koffi \u00c9tienne, agr\u00e9g\u00e9 des Facult\u00e9s de droit et ma\u00eetre de conf\u00e9rences \u00e0 l\u2019UFHB.<\/p>\n\n\n\n<p class=\"wp-block-paragraph\">Ces soutenances ne furent pas de simples c\u00e9r\u00e9monies universitaires, mais de v\u00e9ritables moments de transmission, de d\u00e9passement et de fiert\u00e9 partag\u00e9e. Les travaux pr\u00e9sent\u00e9s, couvrant des champs aussi vari\u00e9s que le droit des affaires, le droit du travail, le droit m\u00e9dical, le droit des soci\u00e9t\u00e9s, le financement des projets ou encore le droit de l\u2019environnement, t\u00e9moignent de la richesse et de la maturit\u00e9 de la recherche juridique en C\u00f4te d\u2019Ivoire. Ils r\u00e9v\u00e8lent une g\u00e9n\u00e9ration de juristes engag\u00e9s dans la modernisation du droit priv\u00e9 ivoirien, soucieux de conjuguer rigueur doctrinale et utilit\u00e9 sociale, et d\u00e9sireux d\u2019ancrer la science juridique dans les r\u00e9alit\u00e9s \u00e9conomiques, sociales et \u00e9cologiques du continent africain.<\/p>\n\n\n\n<p class=\"wp-block-paragraph\"><em>\u00ab Le droit doit parler \u00e0 la soci\u00e9t\u00e9, inspirer les r\u00e9formes et contribuer \u00e0 la consolidation de l\u2019\u00c9tat de droit \u00bb,<\/em> a affirm\u00e9 le Professeur Alla Koffi \u00c9tienne, dont la rigueur scientifique s\u2019allie \u00e0 une profonde humanit\u00e9.<\/p>\n\n\n\n<p class=\"wp-block-paragraph\">Au-del\u00e0 des th\u00e8ses soutenues, cette s\u00e9rie illustre la force d\u2019un lien entre un ma\u00eetre et ses disciples : un mentor exigeant, des chercheurs passionn\u00e9s, et une m\u00eame conviction \u2014 que la science juridique doit \u00e9clairer la soci\u00e9t\u00e9.<\/p>\n\n\n\n<p class=\"wp-block-paragraph\">Les m\u00e9thodes adopt\u00e9es \u2014 entre analyse doctrinale, approche compar\u00e9e et observation empirique \u2014 marquent une \u00e9volution profonde de la recherche juridique en C\u00f4te d\u2019Ivoire, ancr\u00e9e dans la r\u00e9alit\u00e9 sociale et ouverte sur le monde.<\/p>\n\n\n\n<p class=\"wp-block-paragraph\"><em>\u00ab Former des chercheurs, c\u2019est b\u00e2tir des passeurs de savoir et de justice \u00bb,<\/em> a rappel\u00e9 le Professeur Alla, sous les applaudissements d\u2019une communaut\u00e9 universitaire fi\u00e8re et \u00e9mue.<\/p>\n\n\n\n<p class=\"wp-block-paragraph\">Avec ces neuf nouveaux docteurs, dont sept issus de sa direction, la Facult\u00e9 de Droit priv\u00e9 de l\u2019UFHB confirme son leadership acad\u00e9mique en Afrique de l\u2019Ouest. Elle prouve, une fois encore, qu\u2019\u00e0 Abidjan se construit une nouvelle \u00e9cole du droit africain \u2014 un droit humaniste, rigoureux et porteur d\u2019avenir.<\/p>\n\n\n\n<p class=\"wp-block-paragraph\">Une victoire collective pour l\u2019Universit\u00e9 F\u00e9lix Houphou\u00ebt-Boigny, symbole d\u2019un savoir qui \u00e9l\u00e8ve, d\u2019un mentorat qui transforme et d\u2019une jeunesse qui inspire confiance en l\u2019avenir.<\/p>\n","protected":false},"excerpt":{"rendered":"<p>Sous la direction du Professeur Alla Koffi \u00c9tienne, sept nouvelles th\u00e8ses consacrent une g\u00e9n\u00e9ration de juristes ivoiriens porteurs d\u2019espoir, de rigueur et d\u2019humanisme. Abidjan, 4 novembre 2025. \u2014 Trois jours durant, du 29 au 31 octobre 2025, la Facult\u00e9 de Droit priv\u00e9 de l\u2019Universit\u00e9 F\u00e9lix Houphou\u00ebt-Boigny a vibr\u00e9 au rythme de neuf soutenances de th\u00e8se [&hellip;]<\/p>\n","protected":false},"author":1,"featured_media":15460,"comment_status":"open","ping_status":"open","sticky":false,"template":"","format":"standard","meta":{"footnotes":""},"categories":[1],"tags":[],"class_list":["post-15459","post","type-post","status-publish","format-standard","has-post-thumbnail","hentry","category-non-classe"],"_links":{"self":[{"href":"https:\/\/planetepaix.org\/evap\/wp-json\/wp\/v2\/posts\/15459","targetHints":{"allow":["GET"]}}],"collection":[{"href":"https:\/\/planetepaix.org\/evap\/wp-json\/wp\/v2\/posts"}],"about":[{"href":"https:\/\/planetepaix.org\/evap\/wp-json\/wp\/v2\/types\/post"}],"author":[{"embeddable":true,"href":"https:\/\/planetepaix.org\/evap\/wp-json\/wp\/v2\/users\/1"}],"replies":[{"embeddable":true,"href":"https:\/\/planetepaix.org\/evap\/wp-json\/wp\/v2\/comments?post=15459"}],"version-history":[{"count":2,"href":"https:\/\/planetepaix.org\/evap\/wp-json\/wp\/v2\/posts\/15459\/revisions"}],"predecessor-version":[{"id":15462,"href":"https:\/\/planetepaix.org\/evap\/wp-json\/wp\/v2\/posts\/15459\/revisions\/15462"}],"wp:featuredmedia":[{"embeddable":true,"href":"https:\/\/planetepaix.org\/evap\/wp-json\/wp\/v2\/media\/15460"}],"wp:attachment":[{"href":"https:\/\/planetepaix.org\/evap\/wp-json\/wp\/v2\/media?parent=15459"}],"wp:term":[{"taxonomy":"category","embeddable":true,"href":"https:\/\/planetepaix.org\/evap\/wp-json\/wp\/v2\/categories?post=15459"},{"taxonomy":"post_tag","embeddable":true,"href":"https:\/\/planetepaix.org\/evap\/wp-json\/wp\/v2\/tags?post=15459"}],"curies":[{"name":"wp","href":"https:\/\/api.w.org\/{rel}","templated":true}]}}